{"id":124,"date":"2009-07-26T23:43:05","date_gmt":"2009-07-26T22:43:05","guid":{"rendered":"http:\/\/www.pr-stammtisch-ulm.de\/?p=124"},"modified":"2018-05-06T00:29:17","modified_gmt":"2018-05-05T23:29:17","slug":"wann-gehts-weiter","status":"publish","type":"post","link":"http:\/\/www.pr-stammtisch-ulm.de\/?p=124","title":{"rendered":"Wann geht&#8217;s weiter?"},"content":{"rendered":"<p>Der Stammtisch ist vorbei, der n\u00e4chste lauert schon um die Ecke. Normalerweise sollte der 15. August Stammtischtermin sein, aber das scheitert an Hammelburg, denn der eine oder andere Stammtischbesucher wird dorthin gehen. Damit h\u00e4tten wir nicht sonderlich viele Besucher und deswegen reden wir noch dar\u00fcber, wann der Stammtisch denn sein wird. Eventuell werden wir eine Woche sp\u00e4ter anpeilen, aber genauere Informationen folgen noch.<\/p>\n","protected":false},"excerpt":{"rendered":"<p>Der Stammtisch ist vorbei, der n\u00e4chste lauert schon um die Ecke. Normalerweise sollte der 15. August Stammtischtermin sein, aber das scheitert an Hammelburg, denn der eine oder andere Stammtischbesucher wird dorthin gehen. Damit h\u00e4tten wir nicht sonderlich viele Besucher und deswegen reden wir noch dar\u00fcber, wann der Stammtisch denn sein wird. Eventuell werden wir eine &hellip; <a href=\"http:\/\/www.pr-stammtisch-ulm.de\/?p=124\" class=\"more-link\"><span class=\"screen-reader-text\">Wann geht&#8217;s weiter?<\/span> weiterlesen <span class=\"meta-nav\">&rarr;<\/span><\/a><\/p>\n","protected":false},"author":2,"featured_media":0,"comment_status":"closed","ping_status":"closed","sticky":false,"template":"","format":"standard","meta":{"jetpack_post_was_ever_published":false,"jetpack_publicize_message":"","jetpack_is_tweetstorm":false,"jetpack_publicize_feature_enabled":true},"categories":[4],"tags":[36],"jetpack_publicize_connections":[],"jetpack_featured_media_url":"","jetpack_sharing_enabled":true,"jetpack_shortlink":"https:\/\/wp.me\/phQS4-20","_links":{"self":[{"href":"http:\/\/www.pr-stammtisch-ulm.de\/index.php?rest_route=\/wp\/v2\/posts\/124"}],"collection":[{"href":"http:\/\/www.pr-stammtisch-ulm.de\/index.php?rest_route=\/wp\/v2\/posts"}],"about":[{"href":"http:\/\/www.pr-stammtisch-ulm.de\/index.php?rest_route=\/wp\/v2\/types\/post"}],"author":[{"embeddable":true,"href":"http:\/\/www.pr-stammtisch-ulm.de\/index.php?rest_route=\/wp\/v2\/users\/2"}],"replies":[{"embeddable":true,"href":"http:\/\/www.pr-stammtisch-ulm.de\/index.php?rest_route=%2Fwp%2Fv2%2Fcomments&post=124"}],"version-history":[{"count":2,"href":"http:\/\/www.pr-stammtisch-ulm.de\/index.php?rest_route=\/wp\/v2\/posts\/124\/revisions"}],"predecessor-version":[{"id":282,"href":"http:\/\/www.pr-stammtisch-ulm.de\/index.php?rest_route=\/wp\/v2\/posts\/124\/revisions\/282"}],"wp:attachment":[{"href":"http:\/\/www.pr-stammtisch-ulm.de\/index.php?rest_route=%2Fwp%2Fv2%2Fmedia&parent=124"}],"wp:term":[{"taxonomy":"category","embeddable":true,"href":"http:\/\/www.pr-stammtisch-ulm.de\/index.php?rest_route=%2Fwp%2Fv2%2Fcategories&post=124"},{"taxonomy":"post_tag","embeddable":true,"href":"http:\/\/www.pr-stammtisch-ulm.de\/index.php?rest_route=%2Fwp%2Fv2%2Ftags&post=124"}],"curies":[{"name":"wp","href":"https:\/\/api.w.org\/{rel}","templated":true}]}}