{"id":132,"date":"2009-10-07T22:49:06","date_gmt":"2009-10-07T21:49:06","guid":{"rendered":"http:\/\/www.pr-stammtisch-ulm.de\/?p=132"},"modified":"2018-05-06T00:29:17","modified_gmt":"2018-05-05T23:29:17","slug":"nachster-termin-17-oktober","status":"publish","type":"post","link":"http:\/\/www.pr-stammtisch-ulm.de\/?p=132","title":{"rendered":"N\u00e4chster Termin: 17. Oktober"},"content":{"rendered":"<p>Es ist ja auch \u00fcber den Kalender an der Seite schon erkennbar, dass der n\u00e4chste Termin ein &#8222;regul\u00e4rer&#8220; zu werden scheint. Am 17. Oktober werden wir uns treffen, vermutlich in den Drei Kannen etwas essen und danach eine Runde Billiard spielen gehen.<\/p>\n<p>Wer Lust hat, m\u00f6ge sich gerne melden. Hier oder im PR-Forum zum entsprechenden Thema.<\/p>\n","protected":false},"excerpt":{"rendered":"<p>Es ist ja auch \u00fcber den Kalender an der Seite schon erkennbar, dass der n\u00e4chste Termin ein &#8222;regul\u00e4rer&#8220; zu werden scheint. Am 17. Oktober werden wir uns treffen, vermutlich in den Drei Kannen etwas essen und danach eine Runde Billiard spielen gehen. Wer Lust hat, m\u00f6ge sich gerne melden. Hier oder im PR-Forum zum entsprechenden &hellip; <a href=\"http:\/\/www.pr-stammtisch-ulm.de\/?p=132\" class=\"more-link\"><span class=\"screen-reader-text\">N\u00e4chster Termin: 17. Oktober<\/span> weiterlesen <span class=\"meta-nav\">&rarr;<\/span><\/a><\/p>\n","protected":false},"author":2,"featured_media":0,"comment_status":"closed","ping_status":"closed","sticky":false,"template":"","format":"standard","meta":{"jetpack_post_was_ever_published":false,"jetpack_publicize_message":"","jetpack_is_tweetstorm":false,"jetpack_publicize_feature_enabled":true},"categories":[4],"tags":[10,7,36],"jetpack_publicize_connections":[],"jetpack_featured_media_url":"","jetpack_sharing_enabled":true,"jetpack_shortlink":"https:\/\/wp.me\/phQS4-28","_links":{"self":[{"href":"http:\/\/www.pr-stammtisch-ulm.de\/index.php?rest_route=\/wp\/v2\/posts\/132"}],"collection":[{"href":"http:\/\/www.pr-stammtisch-ulm.de\/index.php?rest_route=\/wp\/v2\/posts"}],"about":[{"href":"http:\/\/www.pr-stammtisch-ulm.de\/index.php?rest_route=\/wp\/v2\/types\/post"}],"author":[{"embeddable":true,"href":"http:\/\/www.pr-stammtisch-ulm.de\/index.php?rest_route=\/wp\/v2\/users\/2"}],"replies":[{"embeddable":true,"href":"http:\/\/www.pr-stammtisch-ulm.de\/index.php?rest_route=%2Fwp%2Fv2%2Fcomments&post=132"}],"version-history":[{"count":2,"href":"http:\/\/www.pr-stammtisch-ulm.de\/index.php?rest_route=\/wp\/v2\/posts\/132\/revisions"}],"predecessor-version":[{"id":279,"href":"http:\/\/www.pr-stammtisch-ulm.de\/index.php?rest_route=\/wp\/v2\/posts\/132\/revisions\/279"}],"wp:attachment":[{"href":"http:\/\/www.pr-stammtisch-ulm.de\/index.php?rest_route=%2Fwp%2Fv2%2Fmedia&parent=132"}],"wp:term":[{"taxonomy":"category","embeddable":true,"href":"http:\/\/www.pr-stammtisch-ulm.de\/index.php?rest_route=%2Fwp%2Fv2%2Fcategories&post=132"},{"taxonomy":"post_tag","embeddable":true,"href":"http:\/\/www.pr-stammtisch-ulm.de\/index.php?rest_route=%2Fwp%2Fv2%2Ftags&post=132"}],"curies":[{"name":"wp","href":"https:\/\/api.w.org\/{rel}","templated":true}]}}