{"id":145,"date":"2010-04-07T16:54:58","date_gmt":"2010-04-07T15:54:58","guid":{"rendered":"http:\/\/www.pr-stammtisch-ulm.de\/?p=145"},"modified":"2018-05-06T00:29:17","modified_gmt":"2018-05-05T23:29:17","slug":"nachster-termin-2","status":"publish","type":"post","link":"http:\/\/www.pr-stammtisch-ulm.de\/?p=145","title":{"rendered":"N\u00e4chster Termin: ?"},"content":{"rendered":"<p>Da scheiden sich im Moment noch die Geister. Scheint jedenfalls so, als w\u00fcrde es nicht der 17. April werden, und auch nicht der 11. und der 24. Eventuell k\u00f6nnte es ja der erste Mai werden, aber das ist noch nicht sicher. Auf jeden Fall diskutieren wir dar\u00fcber, und zwar wie \u00fcblich im Galaktischen Forum, im Bereich &#8222;Fanaktivit\u00e4ten&#8220; unter &#8222;Stammtisch Ulm III&#8220;.<\/p>\n<p>Oder einfach den direkten Link nehmen:<\/p>\n<p><a href=\"http:\/\/forum.perryrhodan.net\/index.php?showtopic=16136&amp;st=280\" target=\"_blank\">http:\/\/forum.perryrhodan.net\/index.php?showtopic=16136&amp;st=280<\/a><\/p>\n<p>Wer will, darf gerne mitdiskutieren \ud83d\ude42<\/p>\n","protected":false},"excerpt":{"rendered":"<p>Da scheiden sich im Moment noch die Geister. Scheint jedenfalls so, als w\u00fcrde es nicht der 17. April werden, und auch nicht der 11. und der 24. Eventuell k\u00f6nnte es ja der erste Mai werden, aber das ist noch nicht sicher. Auf jeden Fall diskutieren wir dar\u00fcber, und zwar wie \u00fcblich im Galaktischen Forum, im &hellip; <a href=\"http:\/\/www.pr-stammtisch-ulm.de\/?p=145\" class=\"more-link\"><span class=\"screen-reader-text\">N\u00e4chster Termin: ?<\/span> weiterlesen <span class=\"meta-nav\">&rarr;<\/span><\/a><\/p>\n","protected":false},"author":2,"featured_media":0,"comment_status":"closed","ping_status":"closed","sticky":false,"template":"","format":"standard","meta":{"jetpack_post_was_ever_published":false,"jetpack_publicize_message":"","jetpack_is_tweetstorm":false,"jetpack_publicize_feature_enabled":true},"categories":[4],"tags":[36],"jetpack_publicize_connections":[],"jetpack_featured_media_url":"","jetpack_sharing_enabled":true,"jetpack_shortlink":"https:\/\/wp.me\/phQS4-2l","_links":{"self":[{"href":"http:\/\/www.pr-stammtisch-ulm.de\/index.php?rest_route=\/wp\/v2\/posts\/145"}],"collection":[{"href":"http:\/\/www.pr-stammtisch-ulm.de\/index.php?rest_route=\/wp\/v2\/posts"}],"about":[{"href":"http:\/\/www.pr-stammtisch-ulm.de\/index.php?rest_route=\/wp\/v2\/types\/post"}],"author":[{"embeddable":true,"href":"http:\/\/www.pr-stammtisch-ulm.de\/index.php?rest_route=\/wp\/v2\/users\/2"}],"replies":[{"embeddable":true,"href":"http:\/\/www.pr-stammtisch-ulm.de\/index.php?rest_route=%2Fwp%2Fv2%2Fcomments&post=145"}],"version-history":[{"count":3,"href":"http:\/\/www.pr-stammtisch-ulm.de\/index.php?rest_route=\/wp\/v2\/posts\/145\/revisions"}],"predecessor-version":[{"id":276,"href":"http:\/\/www.pr-stammtisch-ulm.de\/index.php?rest_route=\/wp\/v2\/posts\/145\/revisions\/276"}],"wp:attachment":[{"href":"http:\/\/www.pr-stammtisch-ulm.de\/index.php?rest_route=%2Fwp%2Fv2%2Fmedia&parent=145"}],"wp:term":[{"taxonomy":"category","embeddable":true,"href":"http:\/\/www.pr-stammtisch-ulm.de\/index.php?rest_route=%2Fwp%2Fv2%2Fcategories&post=145"},{"taxonomy":"post_tag","embeddable":true,"href":"http:\/\/www.pr-stammtisch-ulm.de\/index.php?rest_route=%2Fwp%2Fv2%2Ftags&post=145"}],"curies":[{"name":"wp","href":"https:\/\/api.w.org\/{rel}","templated":true}]}}