{"id":150,"date":"2010-04-07T19:38:35","date_gmt":"2010-04-07T18:38:35","guid":{"rendered":"http:\/\/www.pr-stammtisch-ulm.de\/?p=150"},"modified":"2018-05-06T00:29:17","modified_gmt":"2018-05-05T23:29:17","slug":"neue-seite-aktivitaten","status":"publish","type":"post","link":"http:\/\/www.pr-stammtisch-ulm.de\/?p=150","title":{"rendered":"Neue Seite: &#8222;Aktivit\u00e4ten&#8220;"},"content":{"rendered":"<p>Vorgestellt werden die Aktivit\u00e4ten, die bei uns normalerweise oder auch in Ausnahmef\u00e4llen so stattfinden. Wer sich also schon immer mal einen \u00dcberblick dar\u00fcber verschaffen wollte, was wir so machen bei unseren Stammtischen, der m\u00f6ge sich einmal hier umschauen:<\/p>\n<p><a href=\"http:\/\/www.pr-stammtisch-ulm.de\/?page_id=148\" target=\"_blank\">http:\/\/www.pr-stammtisch-ulm.de\/?page_id=148<\/a><\/p>\n<p>Wer sonst noch Ideen hat, m\u00f6ge sie \u00e4u\u00dfern und Bilder von den entsprechenden \u00d6rtlichkeiten, dem, was wir dort so getan und was es dort so zu essen gab, sind nat\u00fcrlich hochwillkommen, um die Seite etwas aufzulockern :-).<\/p>\n","protected":false},"excerpt":{"rendered":"<p>Vorgestellt werden die Aktivit\u00e4ten, die bei uns normalerweise oder auch in Ausnahmef\u00e4llen so stattfinden. Wer sich also schon immer mal einen \u00dcberblick dar\u00fcber verschaffen wollte, was wir so machen bei unseren Stammtischen, der m\u00f6ge sich einmal hier umschauen: http:\/\/www.pr-stammtisch-ulm.de\/?page_id=148 Wer sonst noch Ideen hat, m\u00f6ge sie \u00e4u\u00dfern und Bilder von den entsprechenden \u00d6rtlichkeiten, dem, was &hellip; <a href=\"http:\/\/www.pr-stammtisch-ulm.de\/?p=150\" class=\"more-link\"><span class=\"screen-reader-text\">Neue Seite: &#8222;Aktivit\u00e4ten&#8220;<\/span> weiterlesen <span class=\"meta-nav\">&rarr;<\/span><\/a><\/p>\n","protected":false},"author":2,"featured_media":0,"comment_status":"closed","ping_status":"closed","sticky":false,"template":"","format":"standard","meta":{"jetpack_post_was_ever_published":false,"jetpack_publicize_message":"","jetpack_is_tweetstorm":false,"jetpack_publicize_feature_enabled":true},"categories":[17],"tags":[10,14,13],"jetpack_publicize_connections":[],"jetpack_featured_media_url":"","jetpack_sharing_enabled":true,"jetpack_shortlink":"https:\/\/wp.me\/phQS4-2q","_links":{"self":[{"href":"http:\/\/www.pr-stammtisch-ulm.de\/index.php?rest_route=\/wp\/v2\/posts\/150"}],"collection":[{"href":"http:\/\/www.pr-stammtisch-ulm.de\/index.php?rest_route=\/wp\/v2\/posts"}],"about":[{"href":"http:\/\/www.pr-stammtisch-ulm.de\/index.php?rest_route=\/wp\/v2\/types\/post"}],"author":[{"embeddable":true,"href":"http:\/\/www.pr-stammtisch-ulm.de\/index.php?rest_route=\/wp\/v2\/users\/2"}],"replies":[{"embeddable":true,"href":"http:\/\/www.pr-stammtisch-ulm.de\/index.php?rest_route=%2Fwp%2Fv2%2Fcomments&post=150"}],"version-history":[{"count":2,"href":"http:\/\/www.pr-stammtisch-ulm.de\/index.php?rest_route=\/wp\/v2\/posts\/150\/revisions"}],"predecessor-version":[{"id":275,"href":"http:\/\/www.pr-stammtisch-ulm.de\/index.php?rest_route=\/wp\/v2\/posts\/150\/revisions\/275"}],"wp:attachment":[{"href":"http:\/\/www.pr-stammtisch-ulm.de\/index.php?rest_route=%2Fwp%2Fv2%2Fmedia&parent=150"}],"wp:term":[{"taxonomy":"category","embeddable":true,"href":"http:\/\/www.pr-stammtisch-ulm.de\/index.php?rest_route=%2Fwp%2Fv2%2Fcategories&post=150"},{"taxonomy":"post_tag","embeddable":true,"href":"http:\/\/www.pr-stammtisch-ulm.de\/index.php?rest_route=%2Fwp%2Fv2%2Ftags&post=150"}],"curies":[{"name":"wp","href":"https:\/\/api.w.org\/{rel}","templated":true}]}}