{"id":155,"date":"2010-04-19T21:18:50","date_gmt":"2010-04-19T20:18:50","guid":{"rendered":"http:\/\/www.pr-stammtisch-ulm.de\/?p=155"},"modified":"2018-05-06T00:29:17","modified_gmt":"2018-05-05T23:29:17","slug":"neuer-termin-24-4","status":"publish","type":"post","link":"http:\/\/www.pr-stammtisch-ulm.de\/?p=155","title":{"rendered":"Neuer Termin: 24.4."},"content":{"rendered":"<p>Scheint, als h\u00e4tten wir uns jetzt doch darauf geeinigt, am 24.4. wenigstens ein kleines Treffen durchzuf\u00fchren. Den &#8222;richtigen&#8220; n\u00e4chsten Stammtischtermin, gibt es dann aber wohl erst im Mai &#8230; \ud83d\ude42<\/p>\n","protected":false},"excerpt":{"rendered":"<p>Scheint, als h\u00e4tten wir uns jetzt doch darauf geeinigt, am 24.4. wenigstens ein kleines Treffen durchzuf\u00fchren. Den &#8222;richtigen&#8220; n\u00e4chsten Stammtischtermin, gibt es dann aber wohl erst im Mai &#8230; \ud83d\ude42<\/p>\n","protected":false},"author":2,"featured_media":0,"comment_status":"closed","ping_status":"closed","sticky":false,"template":"","format":"standard","meta":{"jetpack_post_was_ever_published":false,"jetpack_publicize_message":"","jetpack_is_tweetstorm":false,"jetpack_publicize_feature_enabled":true},"categories":[4],"tags":[36],"jetpack_publicize_connections":[],"jetpack_featured_media_url":"","jetpack_sharing_enabled":true,"jetpack_shortlink":"https:\/\/wp.me\/phQS4-2v","_links":{"self":[{"href":"http:\/\/www.pr-stammtisch-ulm.de\/index.php?rest_route=\/wp\/v2\/posts\/155"}],"collection":[{"href":"http:\/\/www.pr-stammtisch-ulm.de\/index.php?rest_route=\/wp\/v2\/posts"}],"about":[{"href":"http:\/\/www.pr-stammtisch-ulm.de\/index.php?rest_route=\/wp\/v2\/types\/post"}],"author":[{"embeddable":true,"href":"http:\/\/www.pr-stammtisch-ulm.de\/index.php?rest_route=\/wp\/v2\/users\/2"}],"replies":[{"embeddable":true,"href":"http:\/\/www.pr-stammtisch-ulm.de\/index.php?rest_route=%2Fwp%2Fv2%2Fcomments&post=155"}],"version-history":[{"count":2,"href":"http:\/\/www.pr-stammtisch-ulm.de\/index.php?rest_route=\/wp\/v2\/posts\/155\/revisions"}],"predecessor-version":[{"id":274,"href":"http:\/\/www.pr-stammtisch-ulm.de\/index.php?rest_route=\/wp\/v2\/posts\/155\/revisions\/274"}],"wp:attachment":[{"href":"http:\/\/www.pr-stammtisch-ulm.de\/index.php?rest_route=%2Fwp%2Fv2%2Fmedia&parent=155"}],"wp:term":[{"taxonomy":"category","embeddable":true,"href":"http:\/\/www.pr-stammtisch-ulm.de\/index.php?rest_route=%2Fwp%2Fv2%2Fcategories&post=155"},{"taxonomy":"post_tag","embeddable":true,"href":"http:\/\/www.pr-stammtisch-ulm.de\/index.php?rest_route=%2Fwp%2Fv2%2Ftags&post=155"}],"curies":[{"name":"wp","href":"https:\/\/api.w.org\/{rel}","templated":true}]}}