{"id":185,"date":"2010-12-12T22:16:42","date_gmt":"2010-12-12T21:16:42","guid":{"rendered":"http:\/\/www.pr-stammtisch-ulm.de\/?p=185"},"modified":"2018-05-06T00:29:17","modified_gmt":"2018-05-05T23:29:17","slug":"weihnachtsstammtisch-am-18-dezember","status":"publish","type":"post","link":"http:\/\/www.pr-stammtisch-ulm.de\/?p=185","title":{"rendered":"Weihnachtsstammtisch am 18. Dezember"},"content":{"rendered":"<p>Die Hinweise verdichten sich, dass das n\u00e4chste Ereignis am 18. Dezember steigen k\u00f6nnte. Traditionell wird der Weihnachtsstammtisch mit einem Besuch auf dem Ulmer Weihnachtsmarkt er\u00f6ffnet. Hungrige suchen dann in der Regel den Stand der Metzgerei Burger auf, wo die ber\u00fchmte &#8222;Feuerwurscht&#8220; vernichtet wird. Danach suchen wir uns was nettes, wer noch nicht gegessen hat, holt das jetzt nach und dann l\u00e4sst man den Abend ausklingen, eventuell mit Billiard oder einfach mit netten Gespr\u00e4chen \u00fcber alles m\u00f6gliche. Es soll sogar schon \u00fcber Perry Rhodan geredet worden sein :-).<\/p>\n<p>Interesse? Einfach melden, diskutiert wird angeregt hier:<\/p>\n<p><a href=\"http:\/\/forum.perryrhodan.net\/index.php?showtopic=16136&amp;st=440\" target=\"_blank\">http:\/\/forum.perryrhodan.net\/index.php?showtopic=16136&amp;st=440<\/a><\/p>\n","protected":false},"excerpt":{"rendered":"<p>Die Hinweise verdichten sich, dass das n\u00e4chste Ereignis am 18. Dezember steigen k\u00f6nnte. Traditionell wird der Weihnachtsstammtisch mit einem Besuch auf dem Ulmer Weihnachtsmarkt er\u00f6ffnet. Hungrige suchen dann in der Regel den Stand der Metzgerei Burger auf, wo die ber\u00fchmte &#8222;Feuerwurscht&#8220; vernichtet wird. Danach suchen wir uns was nettes, wer noch nicht gegessen hat, holt &hellip; <a href=\"http:\/\/www.pr-stammtisch-ulm.de\/?p=185\" class=\"more-link\"><span class=\"screen-reader-text\">Weihnachtsstammtisch am 18. Dezember<\/span> weiterlesen <span class=\"meta-nav\">&rarr;<\/span><\/a><\/p>\n","protected":false},"author":2,"featured_media":0,"comment_status":"closed","ping_status":"closed","sticky":false,"template":"","format":"standard","meta":{"jetpack_post_was_ever_published":false,"jetpack_publicize_message":"","jetpack_is_tweetstorm":false,"jetpack_publicize_feature_enabled":true},"categories":[4],"tags":[33,36,23,32],"jetpack_publicize_connections":[],"jetpack_featured_media_url":"","jetpack_sharing_enabled":true,"jetpack_shortlink":"https:\/\/wp.me\/phQS4-2Z","_links":{"self":[{"href":"http:\/\/www.pr-stammtisch-ulm.de\/index.php?rest_route=\/wp\/v2\/posts\/185"}],"collection":[{"href":"http:\/\/www.pr-stammtisch-ulm.de\/index.php?rest_route=\/wp\/v2\/posts"}],"about":[{"href":"http:\/\/www.pr-stammtisch-ulm.de\/index.php?rest_route=\/wp\/v2\/types\/post"}],"author":[{"embeddable":true,"href":"http:\/\/www.pr-stammtisch-ulm.de\/index.php?rest_route=\/wp\/v2\/users\/2"}],"replies":[{"embeddable":true,"href":"http:\/\/www.pr-stammtisch-ulm.de\/index.php?rest_route=%2Fwp%2Fv2%2Fcomments&post=185"}],"version-history":[{"count":3,"href":"http:\/\/www.pr-stammtisch-ulm.de\/index.php?rest_route=\/wp\/v2\/posts\/185\/revisions"}],"predecessor-version":[{"id":272,"href":"http:\/\/www.pr-stammtisch-ulm.de\/index.php?rest_route=\/wp\/v2\/posts\/185\/revisions\/272"}],"wp:attachment":[{"href":"http:\/\/www.pr-stammtisch-ulm.de\/index.php?rest_route=%2Fwp%2Fv2%2Fmedia&parent=185"}],"wp:term":[{"taxonomy":"category","embeddable":true,"href":"http:\/\/www.pr-stammtisch-ulm.de\/index.php?rest_route=%2Fwp%2Fv2%2Fcategories&post=185"},{"taxonomy":"post_tag","embeddable":true,"href":"http:\/\/www.pr-stammtisch-ulm.de\/index.php?rest_route=%2Fwp%2Fv2%2Ftags&post=185"}],"curies":[{"name":"wp","href":"https:\/\/api.w.org\/{rel}","templated":true}]}}