{"id":191,"date":"2011-01-29T19:53:45","date_gmt":"2011-01-29T18:53:45","guid":{"rendered":"http:\/\/www.pr-stammtisch-ulm.de\/?p=191"},"modified":"2018-05-06T00:29:17","modified_gmt":"2018-05-05T23:29:17","slug":"nachster-termin-19-februar","status":"publish","type":"post","link":"http:\/\/www.pr-stammtisch-ulm.de\/?p=191","title":{"rendered":"N\u00e4chster Termin: evtl. 12. Februar"},"content":{"rendered":"<p>Nach einem Zwischenstammtisch am 22. Januar, zu dem sich immerhin f\u00fcnf Personen eingefunden haben und der wie \u00fcblich mit einem guten Essen im &#8222;Drei Kannen&#8220; in Ulm begonnen und mit einem sch\u00f6nen Billiardspiel im Poolice abgeschlossen wurde, geht es eventuell am 12. Februar wieder in einen &#8222;offiziellen&#8220; Stammtisch. Wer gerne teilnehmen m\u00f6chte, der darf sich gerne melden. Wir diskutieren wie immer im Forum der Perry Rhodan Serie:<\/p>\n<p><a href=\"http:\/\/forum.perryrhodan.net\/index.php?showtopic=16136&amp;st=480&amp;gopid=759135&amp;#\" target=\"_blank\">http:\/\/forum.perryrhodan.net\/index.php?showtopic=16136&amp;st=480&amp;gopid=759135&amp;#<\/a><\/p>\n<p>Der Link f\u00fchrt direkt zum ersten Post in der Diskussion f\u00fcr den neuen Termin. Durchlesen, die sonstigen Stimmen lesen, die sich f\u00fcr oder gegen den Termin aussprechen und selber was dazu sagen, dazu ist jeder herzlich eingeladen. Nette Gespr\u00e4che \u00fcber Perry Rhodan im Besonderen, die Autoren, die Science Fiction im allgemeinen, Filme und H\u00f6rspiele sind geboten genauso wie Gespr\u00e4che \u00fcber &#8222;Gott und die Welt&#8220;. Oft geht es auch gar nicht um Perry Rhodan, das ergibt sich dann immer am Stammtisch. Spass macht es jedenfalls immer und wer in der N\u00e4he von Ulm wohnt, der ist herzlich eingeladen, den Abend mit uns zu verbringen. Kurze R\u00fcckmeldung ist in jedem Fall erw\u00fcnscht und der Link ist insofern wichtig, als wir da auch mal gerne \u00fcber alternative Termine diskutieren.<\/p>\n","protected":false},"excerpt":{"rendered":"<p>Nach einem Zwischenstammtisch am 22. Januar, zu dem sich immerhin f\u00fcnf Personen eingefunden haben und der wie \u00fcblich mit einem guten Essen im &#8222;Drei Kannen&#8220; in Ulm begonnen und mit einem sch\u00f6nen Billiardspiel im Poolice abgeschlossen wurde, geht es eventuell am 12. Februar wieder in einen &#8222;offiziellen&#8220; Stammtisch. Wer gerne teilnehmen m\u00f6chte, der darf sich &hellip; <a href=\"http:\/\/www.pr-stammtisch-ulm.de\/?p=191\" class=\"more-link\"><span class=\"screen-reader-text\">N\u00e4chster Termin: evtl. 12. Februar<\/span> weiterlesen <span class=\"meta-nav\">&rarr;<\/span><\/a><\/p>\n","protected":false},"author":2,"featured_media":0,"comment_status":"closed","ping_status":"closed","sticky":false,"template":"","format":"standard","meta":{"jetpack_post_was_ever_published":false,"jetpack_publicize_message":"","jetpack_is_tweetstorm":false,"jetpack_publicize_feature_enabled":true},"categories":[4],"tags":[10,13,36],"jetpack_publicize_connections":[],"jetpack_featured_media_url":"","jetpack_sharing_enabled":true,"jetpack_shortlink":"https:\/\/wp.me\/phQS4-35","_links":{"self":[{"href":"http:\/\/www.pr-stammtisch-ulm.de\/index.php?rest_route=\/wp\/v2\/posts\/191"}],"collection":[{"href":"http:\/\/www.pr-stammtisch-ulm.de\/index.php?rest_route=\/wp\/v2\/posts"}],"about":[{"href":"http:\/\/www.pr-stammtisch-ulm.de\/index.php?rest_route=\/wp\/v2\/types\/post"}],"author":[{"embeddable":true,"href":"http:\/\/www.pr-stammtisch-ulm.de\/index.php?rest_route=\/wp\/v2\/users\/2"}],"replies":[{"embeddable":true,"href":"http:\/\/www.pr-stammtisch-ulm.de\/index.php?rest_route=%2Fwp%2Fv2%2Fcomments&post=191"}],"version-history":[{"count":6,"href":"http:\/\/www.pr-stammtisch-ulm.de\/index.php?rest_route=\/wp\/v2\/posts\/191\/revisions"}],"predecessor-version":[{"id":271,"href":"http:\/\/www.pr-stammtisch-ulm.de\/index.php?rest_route=\/wp\/v2\/posts\/191\/revisions\/271"}],"wp:attachment":[{"href":"http:\/\/www.pr-stammtisch-ulm.de\/index.php?rest_route=%2Fwp%2Fv2%2Fmedia&parent=191"}],"wp:term":[{"taxonomy":"category","embeddable":true,"href":"http:\/\/www.pr-stammtisch-ulm.de\/index.php?rest_route=%2Fwp%2Fv2%2Fcategories&post=191"},{"taxonomy":"post_tag","embeddable":true,"href":"http:\/\/www.pr-stammtisch-ulm.de\/index.php?rest_route=%2Fwp%2Fv2%2Ftags&post=191"}],"curies":[{"name":"wp","href":"https:\/\/api.w.org\/{rel}","templated":true}]}}