{"id":208,"date":"2011-08-09T13:02:24","date_gmt":"2011-08-09T12:02:24","guid":{"rendered":"http:\/\/www.pr-stammtisch-ulm.de\/?p=208"},"modified":"2018-05-06T00:29:17","modified_gmt":"2018-05-05T23:29:17","slug":"nachster-termin-20-august","status":"publish","type":"post","link":"http:\/\/www.pr-stammtisch-ulm.de\/?p=208","title":{"rendered":"N\u00e4chster Termin: 20. August?"},"content":{"rendered":"<p>Wie oben rechts unschwer zu erkennen ist, w\u00e4re der eigentlich n\u00e4chste Stammtischtermin der 20. August. Leider gibt es bisher noch niemanden, der sich zu diesem Termin bekannt hat, erste Absagen sind bereits eingegangen. Es ist also noch nicht so sicher, ob wir den Termin halten k\u00f6nnen. Diskutiert wird wie immer im Perry Rhodan Forum:<\/p>\n<p><a href=\"http:\/\/forum.perryrhodan.net\/index.php?showtopic=16136&amp;st=560&amp;gopid=816503&amp;#\">http:\/\/forum.perryrhodan.net\/index.php?showtopic=16136&amp;st=560&amp;gopid=816503&amp;#<\/a><\/p>\n<p>Wer sich au\u00dferdem \u00fcber Facebook informieren will, der kann dies tun. Wir haben eine Gruppe auf Facebook gegr\u00fcndet, \u00fcber die wir die Stammtischinterne Diskussion abwickeln. Beitr\u00e4ge k\u00f6nnen erst gelesen werden, wenn man Zutritt zur Gruppe hat.\u00a0Den zu beantragen, ist mit einem Mausklick m\u00f6glich. Einer der Admins muss den dann aber erst best\u00e4tigen.<\/p>\n<p><a href=\"http:\/\/de-de.facebook.com\/#!\/groups\/prst.ulm\/\">http:\/\/de-de.facebook.com\/#!\/groups\/prst.ulm\/<\/a><\/p>\n","protected":false},"excerpt":{"rendered":"<p>Wie oben rechts unschwer zu erkennen ist, w\u00e4re der eigentlich n\u00e4chste Stammtischtermin der 20. August. Leider gibt es bisher noch niemanden, der sich zu diesem Termin bekannt hat, erste Absagen sind bereits eingegangen. Es ist also noch nicht so sicher, ob wir den Termin halten k\u00f6nnen. Diskutiert wird wie immer im Perry Rhodan Forum: http:\/\/forum.perryrhodan.net\/index.php?showtopic=16136&amp;st=560&amp;gopid=816503&amp;# &hellip; <a href=\"http:\/\/www.pr-stammtisch-ulm.de\/?p=208\" class=\"more-link\"><span class=\"screen-reader-text\">N\u00e4chster Termin: 20. August?<\/span> weiterlesen <span class=\"meta-nav\">&rarr;<\/span><\/a><\/p>\n","protected":false},"author":2,"featured_media":0,"comment_status":"closed","ping_status":"closed","sticky":false,"template":"","format":"standard","meta":{"jetpack_post_was_ever_published":false,"jetpack_publicize_message":"","jetpack_is_tweetstorm":false,"jetpack_publicize_feature_enabled":true},"categories":[4],"tags":[],"jetpack_publicize_connections":[],"jetpack_featured_media_url":"","jetpack_sharing_enabled":true,"jetpack_shortlink":"https:\/\/wp.me\/phQS4-3m","_links":{"self":[{"href":"http:\/\/www.pr-stammtisch-ulm.de\/index.php?rest_route=\/wp\/v2\/posts\/208"}],"collection":[{"href":"http:\/\/www.pr-stammtisch-ulm.de\/index.php?rest_route=\/wp\/v2\/posts"}],"about":[{"href":"http:\/\/www.pr-stammtisch-ulm.de\/index.php?rest_route=\/wp\/v2\/types\/post"}],"author":[{"embeddable":true,"href":"http:\/\/www.pr-stammtisch-ulm.de\/index.php?rest_route=\/wp\/v2\/users\/2"}],"replies":[{"embeddable":true,"href":"http:\/\/www.pr-stammtisch-ulm.de\/index.php?rest_route=%2Fwp%2Fv2%2Fcomments&post=208"}],"version-history":[{"count":2,"href":"http:\/\/www.pr-stammtisch-ulm.de\/index.php?rest_route=\/wp\/v2\/posts\/208\/revisions"}],"predecessor-version":[{"id":270,"href":"http:\/\/www.pr-stammtisch-ulm.de\/index.php?rest_route=\/wp\/v2\/posts\/208\/revisions\/270"}],"wp:attachment":[{"href":"http:\/\/www.pr-stammtisch-ulm.de\/index.php?rest_route=%2Fwp%2Fv2%2Fmedia&parent=208"}],"wp:term":[{"taxonomy":"category","embeddable":true,"href":"http:\/\/www.pr-stammtisch-ulm.de\/index.php?rest_route=%2Fwp%2Fv2%2Fcategories&post=208"},{"taxonomy":"post_tag","embeddable":true,"href":"http:\/\/www.pr-stammtisch-ulm.de\/index.php?rest_route=%2Fwp%2Fv2%2Ftags&post=208"}],"curies":[{"name":"wp","href":"https:\/\/api.w.org\/{rel}","templated":true}]}}