{"id":211,"date":"2013-07-18T17:47:57","date_gmt":"2013-07-18T16:47:57","guid":{"rendered":"http:\/\/www.pr-stammtisch-ulm.de\/?p=211"},"modified":"2018-05-06T00:29:17","modified_gmt":"2018-05-05T23:29:17","slug":"nachster-termin-27-07-2013","status":"publish","type":"post","link":"http:\/\/www.pr-stammtisch-ulm.de\/?p=211","title":{"rendered":"N\u00e4chster Termin 27.07.2013"},"content":{"rendered":"<p>Nach l\u00e4ngerer Pause auf dieser Seite &#8211; nicht beim Stammtisch &#8211; mal wieder aktuelle Informationen.<\/p>\n<p>Der n\u00e4chste Termin ist der 27.07.2013 &#8211; noch unklar ist der Treffpunkt, angedacht ist Kaisergarten mit anschlie\u00dfendem Billardspielen.<\/p>\n","protected":false},"excerpt":{"rendered":"<p>Nach l\u00e4ngerer Pause auf dieser Seite &#8211; nicht beim Stammtisch &#8211; mal wieder aktuelle Informationen. Der n\u00e4chste Termin ist der 27.07.2013 &#8211; noch unklar ist der Treffpunkt, angedacht ist Kaisergarten mit anschlie\u00dfendem Billardspielen.<\/p>\n","protected":false},"author":7,"featured_media":0,"comment_status":"closed","ping_status":"closed","sticky":false,"template":"","format":"standard","meta":{"jetpack_post_was_ever_published":false,"jetpack_publicize_message":"","jetpack_is_tweetstorm":false,"jetpack_publicize_feature_enabled":true},"categories":[3,4],"tags":[],"jetpack_publicize_connections":[],"jetpack_featured_media_url":"","jetpack_sharing_enabled":true,"jetpack_shortlink":"https:\/\/wp.me\/phQS4-3p","_links":{"self":[{"href":"http:\/\/www.pr-stammtisch-ulm.de\/index.php?rest_route=\/wp\/v2\/posts\/211"}],"collection":[{"href":"http:\/\/www.pr-stammtisch-ulm.de\/index.php?rest_route=\/wp\/v2\/posts"}],"about":[{"href":"http:\/\/www.pr-stammtisch-ulm.de\/index.php?rest_route=\/wp\/v2\/types\/post"}],"author":[{"embeddable":true,"href":"http:\/\/www.pr-stammtisch-ulm.de\/index.php?rest_route=\/wp\/v2\/users\/7"}],"replies":[{"embeddable":true,"href":"http:\/\/www.pr-stammtisch-ulm.de\/index.php?rest_route=%2Fwp%2Fv2%2Fcomments&post=211"}],"version-history":[{"count":3,"href":"http:\/\/www.pr-stammtisch-ulm.de\/index.php?rest_route=\/wp\/v2\/posts\/211\/revisions"}],"predecessor-version":[{"id":216,"href":"http:\/\/www.pr-stammtisch-ulm.de\/index.php?rest_route=\/wp\/v2\/posts\/211\/revisions\/216"}],"wp:attachment":[{"href":"http:\/\/www.pr-stammtisch-ulm.de\/index.php?rest_route=%2Fwp%2Fv2%2Fmedia&parent=211"}],"wp:term":[{"taxonomy":"category","embeddable":true,"href":"http:\/\/www.pr-stammtisch-ulm.de\/index.php?rest_route=%2Fwp%2Fv2%2Fcategories&post=211"},{"taxonomy":"post_tag","embeddable":true,"href":"http:\/\/www.pr-stammtisch-ulm.de\/index.php?rest_route=%2Fwp%2Fv2%2Ftags&post=211"}],"curies":[{"name":"wp","href":"https:\/\/api.w.org\/{rel}","templated":true}]}}