{"id":232,"date":"2014-09-15T17:15:27","date_gmt":"2014-09-15T16:15:27","guid":{"rendered":"http:\/\/www.pr-stammtisch-ulm.de\/?p=232"},"modified":"2018-05-06T00:29:17","modified_gmt":"2018-05-05T23:29:17","slug":"garching-con-10","status":"publish","type":"post","link":"http:\/\/www.pr-stammtisch-ulm.de\/?p=232","title":{"rendered":"Garching Con 10"},"content":{"rendered":"<p><a href=\"http:\/\/www.pr-stammtisch-ulm.de\/wp-content\/uploads\/2014\/09\/bannerGC101.gif\"><img loading=\"lazy\" class=\"alignnone size-medium wp-image-254\" src=\"http:\/\/www.pr-stammtisch-ulm.de\/wp-content\/uploads\/2014\/09\/bannerGC101-300x38.gif\" alt=\"bannerGC10\" width=\"300\" height=\"38\" \/><\/a><\/p>\n<p>Ein Jubil\u00e4um findet im n\u00e4chsten Jahr beim beliebten Garching Con im S\u00fcden der Republik statt. In Garching bei M\u00fcnchen findet im Zeitraum vom 04. &#8211; 06. September 2015 der Jubil\u00e4umscon statt. N\u00e4heres ist nat\u00fcrlich in dieser fr\u00fchen Phase noch nicht bekannt. Man kann aber davon ausgehen, dass die Veranstaltung wieder Fans aus der ganzen Republik und dar\u00fcber hinaus anlocken wird.<\/p>\n<p>Ich freue mich jedenfalls schon auf den Con und vermute mal sehr stark, dass auch Personen vom Perry Rhodan Stammtisch in Ulm daran teilnehmen werden.<\/p>\n","protected":false},"excerpt":{"rendered":"<p>Ein Jubil\u00e4um findet im n\u00e4chsten Jahr beim beliebten Garching Con im S\u00fcden der Republik statt. In Garching bei M\u00fcnchen findet im Zeitraum vom 04. &#8211; 06. September 2015 der Jubil\u00e4umscon statt. N\u00e4heres ist nat\u00fcrlich in dieser fr\u00fchen Phase noch nicht bekannt. Man kann aber davon ausgehen, dass die Veranstaltung wieder Fans aus der ganzen Republik &hellip; <a href=\"http:\/\/www.pr-stammtisch-ulm.de\/?p=232\" class=\"more-link\"><span class=\"screen-reader-text\">Garching Con 10<\/span> weiterlesen <span class=\"meta-nav\">&rarr;<\/span><\/a><\/p>\n","protected":false},"author":2,"featured_media":0,"comment_status":"closed","ping_status":"closed","sticky":false,"template":"","format":"standard","meta":{"jetpack_post_was_ever_published":false,"jetpack_publicize_message":"","jetpack_is_tweetstorm":false,"jetpack_publicize_feature_enabled":true},"categories":[3],"tags":[35,29],"jetpack_publicize_connections":[],"jetpack_featured_media_url":"","jetpack_sharing_enabled":true,"jetpack_shortlink":"https:\/\/wp.me\/phQS4-3K","_links":{"self":[{"href":"http:\/\/www.pr-stammtisch-ulm.de\/index.php?rest_route=\/wp\/v2\/posts\/232"}],"collection":[{"href":"http:\/\/www.pr-stammtisch-ulm.de\/index.php?rest_route=\/wp\/v2\/posts"}],"about":[{"href":"http:\/\/www.pr-stammtisch-ulm.de\/index.php?rest_route=\/wp\/v2\/types\/post"}],"author":[{"embeddable":true,"href":"http:\/\/www.pr-stammtisch-ulm.de\/index.php?rest_route=\/wp\/v2\/users\/2"}],"replies":[{"embeddable":true,"href":"http:\/\/www.pr-stammtisch-ulm.de\/index.php?rest_route=%2Fwp%2Fv2%2Fcomments&post=232"}],"version-history":[{"count":7,"href":"http:\/\/www.pr-stammtisch-ulm.de\/index.php?rest_route=\/wp\/v2\/posts\/232\/revisions"}],"predecessor-version":[{"id":257,"href":"http:\/\/www.pr-stammtisch-ulm.de\/index.php?rest_route=\/wp\/v2\/posts\/232\/revisions\/257"}],"wp:attachment":[{"href":"http:\/\/www.pr-stammtisch-ulm.de\/index.php?rest_route=%2Fwp%2Fv2%2Fmedia&parent=232"}],"wp:term":[{"taxonomy":"category","embeddable":true,"href":"http:\/\/www.pr-stammtisch-ulm.de\/index.php?rest_route=%2Fwp%2Fv2%2Fcategories&post=232"},{"taxonomy":"post_tag","embeddable":true,"href":"http:\/\/www.pr-stammtisch-ulm.de\/index.php?rest_route=%2Fwp%2Fv2%2Ftags&post=232"}],"curies":[{"name":"wp","href":"https:\/\/api.w.org\/{rel}","templated":true}]}}