{"id":236,"date":"2014-09-15T17:32:25","date_gmt":"2014-09-15T16:32:25","guid":{"rendered":"http:\/\/www.pr-stammtisch-ulm.de\/?p=236"},"modified":"2018-05-06T00:29:17","modified_gmt":"2018-05-05T23:29:17","slug":"naechster-stammtischtermin-am-18-oktober","status":"publish","type":"post","link":"http:\/\/www.pr-stammtisch-ulm.de\/?p=236","title":{"rendered":"N\u00e4chster Stammtischtermin am 18. Oktober"},"content":{"rendered":"<p>Eine mittlere \u00dcberraschung bahnt sich hier an &#8211; der n\u00e4chste Termin f\u00fcr den Perry Rhodan Stammtisch in Ulm konkretisiert sich &#8211; und es ist doch tats\u00e4chlich er 18. Oktober! Wie war das noch? Eigentlich tritt der Stammtisch an jedem geraden Monat zusammen, und zwar jeweils am dritten Samstag. Der f\u00e4llt im Oktober auf den 18. Das haben wir schon lange nicht mehr geschafft &#8230;<\/p>\n<p>Eine allzu grop\u00dfe \u00dcberraschung ist das nicht, denn zu einem normalen Stammtisch kommen zur Zeit in der Regel zwischen 2 und 4 Personen zusammen. Da muss man sich etwas flexibler absprechen, sonst kommt gar kein Termin mehr zu stande. Es ist etwas schade, aber es fehlt gerade an einem harten Kern, der den regul\u00e4ren Termin zu einer Pflichtveranstaltung machen kann. Deswegen sind wir auf der Suche nach neuen Mitgliedern. Es ist keine Voraussetzung, im Forum der Perry Rhodan Serie t\u00e4tig zu sein. Es gibt auch noch ein paar andere M\u00f6glichkeiten, n\u00e4mlich auf <a title=\"Facebook Gruppe PR-Stammtisch Ulm\" href=\"https:\/\/www.facebook.com\/groups\/prst.ulm\/\" target=\"_blank\">Facebook<\/a> und hier auf dieser Website. Wer also interesse hat, der send emir einfach eine EMail an die im Impressum genannte Adresse. Keine Angst, hier bei\u00dft keiner und ein paar Einwohner von Ulm w\u00fcrden sich bei unseren Treffen schon sehr gut machen \ud83d\ude00<\/p>\n<p>Ein Wort zur <a title=\"Facebook Gruppe PR-Stammtisch Ulm\" href=\"https:\/\/www.facebook.com\/groups\/prst.ulm\/\" target=\"_blank\">Gruppe auf Facebook<\/a>: Den link bitte anklicken und dann um Aufnahme in die Gruppe bitten. Es wird euch dann jemand freischalten und ihr k\u00f6nnt dort mitdiskutieren. Bitte beachten, dass das nur einer von drei Kan\u00e4len ist, hier und im Forum wird einem auch geholfen.<\/p>\n<p>Und noch ein Wort zum PR-Forum: Man muss dort nicht Mitglied werden, um einen Post abzusetzen. Nach Sichtung durch die Admins wird der Beitrag auch ohne Mitgliedschaft freigeschaltet.<\/p>\n","protected":false},"excerpt":{"rendered":"<p>Eine mittlere \u00dcberraschung bahnt sich hier an &#8211; der n\u00e4chste Termin f\u00fcr den Perry Rhodan Stammtisch in Ulm konkretisiert sich &#8211; und es ist doch tats\u00e4chlich er 18. Oktober! Wie war das noch? Eigentlich tritt der Stammtisch an jedem geraden Monat zusammen, und zwar jeweils am dritten Samstag. Der f\u00e4llt im Oktober auf den 18. &hellip; <a href=\"http:\/\/www.pr-stammtisch-ulm.de\/?p=236\" class=\"more-link\"><span class=\"screen-reader-text\">N\u00e4chster Stammtischtermin am 18. Oktober<\/span> weiterlesen <span class=\"meta-nav\">&rarr;<\/span><\/a><\/p>\n","protected":false},"author":2,"featured_media":0,"comment_status":"closed","ping_status":"closed","sticky":false,"template":"","format":"standard","meta":{"jetpack_post_was_ever_published":false,"jetpack_publicize_message":"","jetpack_is_tweetstorm":false,"jetpack_publicize_feature_enabled":true},"categories":[3,4],"tags":[7,34,36],"jetpack_publicize_connections":[],"jetpack_featured_media_url":"","jetpack_sharing_enabled":true,"jetpack_shortlink":"https:\/\/wp.me\/phQS4-3O","_links":{"self":[{"href":"http:\/\/www.pr-stammtisch-ulm.de\/index.php?rest_route=\/wp\/v2\/posts\/236"}],"collection":[{"href":"http:\/\/www.pr-stammtisch-ulm.de\/index.php?rest_route=\/wp\/v2\/posts"}],"about":[{"href":"http:\/\/www.pr-stammtisch-ulm.de\/index.php?rest_route=\/wp\/v2\/types\/post"}],"author":[{"embeddable":true,"href":"http:\/\/www.pr-stammtisch-ulm.de\/index.php?rest_route=\/wp\/v2\/users\/2"}],"replies":[{"embeddable":true,"href":"http:\/\/www.pr-stammtisch-ulm.de\/index.php?rest_route=%2Fwp%2Fv2%2Fcomments&post=236"}],"version-history":[{"count":1,"href":"http:\/\/www.pr-stammtisch-ulm.de\/index.php?rest_route=\/wp\/v2\/posts\/236\/revisions"}],"predecessor-version":[{"id":237,"href":"http:\/\/www.pr-stammtisch-ulm.de\/index.php?rest_route=\/wp\/v2\/posts\/236\/revisions\/237"}],"wp:attachment":[{"href":"http:\/\/www.pr-stammtisch-ulm.de\/index.php?rest_route=%2Fwp%2Fv2%2Fmedia&parent=236"}],"wp:term":[{"taxonomy":"category","embeddable":true,"href":"http:\/\/www.pr-stammtisch-ulm.de\/index.php?rest_route=%2Fwp%2Fv2%2Fcategories&post=236"},{"taxonomy":"post_tag","embeddable":true,"href":"http:\/\/www.pr-stammtisch-ulm.de\/index.php?rest_route=%2Fwp%2Fv2%2Ftags&post=236"}],"curies":[{"name":"wp","href":"https:\/\/api.w.org\/{rel}","templated":true}]}}