{"id":292,"date":"2018-05-06T00:46:15","date_gmt":"2018-05-05T23:46:15","guid":{"rendered":"http:\/\/www.pr-stammtisch-ulm.de\/?p=292"},"modified":"2018-05-09T22:01:52","modified_gmt":"2018-05-09T21:01:52","slug":"in-eigener-sache","status":"publish","type":"post","link":"http:\/\/www.pr-stammtisch-ulm.de\/?p=292","title":{"rendered":"In eigener Sache"},"content":{"rendered":"<p>Hallo zusammen,<\/p>\n<p>Ich habe aus aktuellem Anlass einige \u00c4nderungen an der Seite vorgenommen. Ich nehme mal sehr stark an, dass wir von der sogenannten DSGVO nicht betroffen sein werden, da die Seite nicht kommerziell und rein privat ist. Deswegen mache ich mir hier erst mal keine so gro\u00dfen Gedanken. Allerdings habe ich festgestellt, dass einige \u00c4nderungen doch empfehlenswert sind.<\/p>\n<p>Zun\u00e4chst habe ich die &#8222;letzter Stammtisch war &#8230;&#8220; und &#8222;n\u00e4chster Stammtisch wird sein&#8220; deaktiviert. Die Information bringt ohnehin nichts, wenn wir keine regelm\u00e4\u00dfigen Termine hinbekommen, was in letzter Zeit ja leider der Fall war. Ich denke, dass wir ohne leben k\u00f6nnen.<\/p>\n<p>Dann habe ich in den aktuellen Terminen f\u00fcr 2018 mal die n\u00e4chsten beiden regul\u00e4ren Termine eingestellt, wie man rechts sehen kann. Ob die zustandekommen? Wir werden sehen &#8230; \ud83d\ude00<\/p>\n<p>Und ich habe auch und vor allem die Kommentarfunktionen grunds\u00e4tzlich deaktiviert. Der Grund ist eigentlich ganz einfach: Ich hab keinen Bock, 12.000 Spamnachrichten manuell zu l\u00f6schen. Die M\u00f6glichkeiten, das gesammelt zu tun, sind eher eingeschr\u00e4nkt. Sollten wir Diskussionen brauchen, haben wir das PR-Forum und k\u00f6nnen das im Bedarfsfall auch mal f\u00fcr einzelne Beitr\u00e4ge aktivieren, muss ja nicht f\u00fcr alles aktiv sein. Die Kontaktemail von mir lasse ich nat\u00fcrlich erst mal dort. Vielleicht sollten wir noch irgendwo einen Link auf den entsprechenden Beitrag im Forum einbauen, dann kommen wir da leichter hin.<\/p>\n<p>Und noch besser w\u00e4re nat\u00fcrlich, die regelm\u00e4\u00dfigen Treffen zu reaktivieren.<\/p>\n","protected":false},"excerpt":{"rendered":"<p>Hallo zusammen, Ich habe aus aktuellem Anlass einige \u00c4nderungen an der Seite vorgenommen. Ich nehme mal sehr stark an, dass wir von der sogenannten DSGVO nicht betroffen sein werden, da die Seite nicht kommerziell und rein privat ist. Deswegen mache ich mir hier erst mal keine so gro\u00dfen Gedanken. Allerdings habe ich festgestellt, dass einige &hellip; <a href=\"http:\/\/www.pr-stammtisch-ulm.de\/?p=292\" class=\"more-link\"><span class=\"screen-reader-text\">In eigener Sache<\/span> weiterlesen <span class=\"meta-nav\">&rarr;<\/span><\/a><\/p>\n","protected":false},"author":2,"featured_media":0,"comment_status":"closed","ping_status":"closed","sticky":false,"template":"","format":"standard","meta":{"jetpack_post_was_ever_published":false,"jetpack_publicize_message":"","jetpack_is_tweetstorm":false,"jetpack_publicize_feature_enabled":true},"categories":[3],"tags":[],"jetpack_publicize_connections":[],"jetpack_featured_media_url":"","jetpack_sharing_enabled":true,"jetpack_shortlink":"https:\/\/wp.me\/phQS4-4I","_links":{"self":[{"href":"http:\/\/www.pr-stammtisch-ulm.de\/index.php?rest_route=\/wp\/v2\/posts\/292"}],"collection":[{"href":"http:\/\/www.pr-stammtisch-ulm.de\/index.php?rest_route=\/wp\/v2\/posts"}],"about":[{"href":"http:\/\/www.pr-stammtisch-ulm.de\/index.php?rest_route=\/wp\/v2\/types\/post"}],"author":[{"embeddable":true,"href":"http:\/\/www.pr-stammtisch-ulm.de\/index.php?rest_route=\/wp\/v2\/users\/2"}],"replies":[{"embeddable":true,"href":"http:\/\/www.pr-stammtisch-ulm.de\/index.php?rest_route=%2Fwp%2Fv2%2Fcomments&post=292"}],"version-history":[{"count":1,"href":"http:\/\/www.pr-stammtisch-ulm.de\/index.php?rest_route=\/wp\/v2\/posts\/292\/revisions"}],"predecessor-version":[{"id":293,"href":"http:\/\/www.pr-stammtisch-ulm.de\/index.php?rest_route=\/wp\/v2\/posts\/292\/revisions\/293"}],"wp:attachment":[{"href":"http:\/\/www.pr-stammtisch-ulm.de\/index.php?rest_route=%2Fwp%2Fv2%2Fmedia&parent=292"}],"wp:term":[{"taxonomy":"category","embeddable":true,"href":"http:\/\/www.pr-stammtisch-ulm.de\/index.php?rest_route=%2Fwp%2Fv2%2Fcategories&post=292"},{"taxonomy":"post_tag","embeddable":true,"href":"http:\/\/www.pr-stammtisch-ulm.de\/index.php?rest_route=%2Fwp%2Fv2%2Ftags&post=292"}],"curies":[{"name":"wp","href":"https:\/\/api.w.org\/{rel}","templated":true}]}}