{"id":3,"date":"2008-07-16T01:12:11","date_gmt":"2008-07-15T23:12:11","guid":{"rendered":"http:\/\/www.koenig-aalen.de\/pr\/?p=3"},"modified":"2018-05-06T00:29:57","modified_gmt":"2018-05-05T23:29:57","slug":"der-perry-rhodan-stammtisch-in-ulm","status":"publish","type":"post","link":"http:\/\/www.pr-stammtisch-ulm.de\/?p=3","title":{"rendered":"Der Perry Rhodan Stammtisch in Ulm &#8230;"},"content":{"rendered":"<p>&#8230; tritt jeden dritten Samstag in jedem geraden Monat zusammen. Das bedeutet: Der n\u00e4chste regul\u00e4re Stammtisch ist normalerweise am 16. August 2008. Treffpunkt ist der K\u00f6nig von Bayern in der Frauenstrasse in Ulm. Dort gibt es auch ein Parkhaus, das nach 18:00 Uhr f\u00fcr lediglich 2 Euro die ganze Nacht benutzt werden kann.<\/p>\n","protected":false},"excerpt":{"rendered":"<p>&#8230; tritt jeden dritten Samstag in jedem geraden Monat zusammen. Das bedeutet: Der n\u00e4chste regul\u00e4re Stammtisch ist normalerweise am 16. August 2008. Treffpunkt ist der K\u00f6nig von Bayern in der Frauenstrasse in Ulm. Dort gibt es auch ein Parkhaus, das nach 18:00 Uhr f\u00fcr lediglich 2 Euro die ganze Nacht benutzt werden kann.<\/p>\n","protected":false},"author":2,"featured_media":0,"comment_status":"closed","ping_status":"closed","sticky":false,"template":"","format":"standard","meta":{"jetpack_post_was_ever_published":false,"jetpack_publicize_message":"","jetpack_is_tweetstorm":false,"jetpack_publicize_feature_enabled":true},"categories":[3],"tags":[],"jetpack_publicize_connections":[],"jetpack_featured_media_url":"","jetpack_sharing_enabled":true,"jetpack_shortlink":"https:\/\/wp.me\/phQS4-3","_links":{"self":[{"href":"http:\/\/www.pr-stammtisch-ulm.de\/index.php?rest_route=\/wp\/v2\/posts\/3"}],"collection":[{"href":"http:\/\/www.pr-stammtisch-ulm.de\/index.php?rest_route=\/wp\/v2\/posts"}],"about":[{"href":"http:\/\/www.pr-stammtisch-ulm.de\/index.php?rest_route=\/wp\/v2\/types\/post"}],"author":[{"embeddable":true,"href":"http:\/\/www.pr-stammtisch-ulm.de\/index.php?rest_route=\/wp\/v2\/users\/2"}],"replies":[{"embeddable":true,"href":"http:\/\/www.pr-stammtisch-ulm.de\/index.php?rest_route=%2Fwp%2Fv2%2Fcomments&post=3"}],"version-history":[{"count":4,"href":"http:\/\/www.pr-stammtisch-ulm.de\/index.php?rest_route=\/wp\/v2\/posts\/3\/revisions"}],"predecessor-version":[{"id":291,"href":"http:\/\/www.pr-stammtisch-ulm.de\/index.php?rest_route=\/wp\/v2\/posts\/3\/revisions\/291"}],"wp:attachment":[{"href":"http:\/\/www.pr-stammtisch-ulm.de\/index.php?rest_route=%2Fwp%2Fv2%2Fmedia&parent=3"}],"wp:term":[{"taxonomy":"category","embeddable":true,"href":"http:\/\/www.pr-stammtisch-ulm.de\/index.php?rest_route=%2Fwp%2Fv2%2Fcategories&post=3"},{"taxonomy":"post_tag","embeddable":true,"href":"http:\/\/www.pr-stammtisch-ulm.de\/index.php?rest_route=%2Fwp%2Fv2%2Ftags&post=3"}],"curies":[{"name":"wp","href":"https:\/\/api.w.org\/{rel}","templated":true}]}}