{"id":44,"date":"2008-08-12T13:57:36","date_gmt":"2008-08-12T11:57:36","guid":{"rendered":"http:\/\/www.pr-stammtisch-ulm.de\/?p=44"},"modified":"2018-05-06T00:29:37","modified_gmt":"2018-05-05T23:29:37","slug":"stammtisch-wimpel-unterwegs","status":"publish","type":"post","link":"http:\/\/www.pr-stammtisch-ulm.de\/?p=44","title":{"rendered":"Stammtisch-Wimpel unterwegs"},"content":{"rendered":"<p>Ich habe gestern den neuen Stammtisch-Wimpel f\u00fcr uns bestellt. Laut Klaus Bollh\u00f6fer m\u00fcsste er auch noch rechtzeitig vor dem n\u00e4chsten Stammtisch am 23.8. bei mir eintreffen.<\/p>\n<p>Da freue ich mich schon richtig darauf. Mal sehen, vielleicht kann man da den Wimpel vom N\u00fcrnberger Stammtisch auch befestigen.<\/p>\n","protected":false},"excerpt":{"rendered":"<p>Ich habe gestern den neuen Stammtisch-Wimpel f\u00fcr uns bestellt. Laut Klaus Bollh\u00f6fer m\u00fcsste er auch noch rechtzeitig vor dem n\u00e4chsten Stammtisch am 23.8. bei mir eintreffen. Da freue ich mich schon richtig darauf. Mal sehen, vielleicht kann man da den Wimpel vom N\u00fcrnberger Stammtisch auch befestigen.<\/p>\n","protected":false},"author":3,"featured_media":0,"comment_status":"closed","ping_status":"closed","sticky":false,"template":"","format":"standard","meta":{"jetpack_post_was_ever_published":false,"jetpack_publicize_message":"","jetpack_is_tweetstorm":false,"jetpack_publicize_feature_enabled":true},"categories":[3],"tags":[16,15],"jetpack_publicize_connections":[],"jetpack_featured_media_url":"","jetpack_sharing_enabled":true,"jetpack_shortlink":"https:\/\/wp.me\/phQS4-I","_links":{"self":[{"href":"http:\/\/www.pr-stammtisch-ulm.de\/index.php?rest_route=\/wp\/v2\/posts\/44"}],"collection":[{"href":"http:\/\/www.pr-stammtisch-ulm.de\/index.php?rest_route=\/wp\/v2\/posts"}],"about":[{"href":"http:\/\/www.pr-stammtisch-ulm.de\/index.php?rest_route=\/wp\/v2\/types\/post"}],"author":[{"embeddable":true,"href":"http:\/\/www.pr-stammtisch-ulm.de\/index.php?rest_route=\/wp\/v2\/users\/3"}],"replies":[{"embeddable":true,"href":"http:\/\/www.pr-stammtisch-ulm.de\/index.php?rest_route=%2Fwp%2Fv2%2Fcomments&post=44"}],"version-history":[{"count":3,"href":"http:\/\/www.pr-stammtisch-ulm.de\/index.php?rest_route=\/wp\/v2\/posts\/44\/revisions"}],"predecessor-version":[{"id":50,"href":"http:\/\/www.pr-stammtisch-ulm.de\/index.php?rest_route=\/wp\/v2\/posts\/44\/revisions\/50"}],"wp:attachment":[{"href":"http:\/\/www.pr-stammtisch-ulm.de\/index.php?rest_route=%2Fwp%2Fv2%2Fmedia&parent=44"}],"wp:term":[{"taxonomy":"category","embeddable":true,"href":"http:\/\/www.pr-stammtisch-ulm.de\/index.php?rest_route=%2Fwp%2Fv2%2Fcategories&post=44"},{"taxonomy":"post_tag","embeddable":true,"href":"http:\/\/www.pr-stammtisch-ulm.de\/index.php?rest_route=%2Fwp%2Fv2%2Ftags&post=44"}],"curies":[{"name":"wp","href":"https:\/\/api.w.org\/{rel}","templated":true}]}}