{"id":46,"date":"2008-08-21T22:36:07","date_gmt":"2008-08-21T20:36:07","guid":{"rendered":"http:\/\/www.pr-stammtisch-ulm.de\/?p=46"},"modified":"2018-05-06T00:29:37","modified_gmt":"2018-05-05T23:29:37","slug":"neue-vorlage","status":"publish","type":"post","link":"http:\/\/www.pr-stammtisch-ulm.de\/?p=46","title":{"rendered":"Neue Vorlage"},"content":{"rendered":"<p>Hallo Freunde,<\/p>\n<p>Das Thema Vorlagen ist ein leidiges in WordPress. Nicht weil es keine geben w\u00fcrde, sondern eher im Gegenteil &#8230; Das erste Theme mit der Mars-Vorlage, hat nat\u00fcrlich sehr gut zum Thema gepasst. Nur gab es leider keine Anpassung f\u00fcr den IE7 und da gewisse Statistiken nahelegen, dass die Mehrheit der Besucher nicht mit dem Firefox unterwegs ist, musste eine L\u00f6sung her.<\/p>\n<p>Als Zwischenl\u00f6sung, hatte ich das Adii-Thema online. Das war zwar zweckm\u00e4\u00dfig und schlicht, aber daf\u00fcr war es in allen Browsern kein Problem.<\/p>\n<p>Jetzt habe ich eines gefunden, das auf den Namen BP-Blueplanet h\u00f6rt und sehr vielversprechend aussieht. Wenn jetzt auch noch die Darstellung im IE stimmen w\u00fcrde, dann w\u00e4re das eine feine Sache &#8230; insgesamt bin ich aber der Meinung, dass wir es damit jetzt erst mal gut sein lassen sollten. St\u00e4ndige Wechsel sind nicht so gut, weil sie den Wiedererkennungswert naturgem\u00e4\u00df nicht erh\u00f6hen. Deswegen lassen wir erst mal den Blueplanet auf uns wirken und schauen, was ihr dazu meint :-).<\/p>\n","protected":false},"excerpt":{"rendered":"<p>Hallo Freunde, Das Thema Vorlagen ist ein leidiges in WordPress. Nicht weil es keine geben w\u00fcrde, sondern eher im Gegenteil &#8230; Das erste Theme mit der Mars-Vorlage, hat nat\u00fcrlich sehr gut zum Thema gepasst. Nur gab es leider keine Anpassung f\u00fcr den IE7 und da gewisse Statistiken nahelegen, dass die Mehrheit der Besucher nicht mit &hellip; <a href=\"http:\/\/www.pr-stammtisch-ulm.de\/?p=46\" class=\"more-link\"><span class=\"screen-reader-text\">Neue Vorlage<\/span> weiterlesen <span class=\"meta-nav\">&rarr;<\/span><\/a><\/p>\n","protected":false},"author":2,"featured_media":0,"comment_status":"closed","ping_status":"closed","sticky":false,"template":"","format":"standard","meta":{"jetpack_post_was_ever_published":false,"jetpack_publicize_message":"","jetpack_is_tweetstorm":false,"jetpack_publicize_feature_enabled":true},"categories":[17],"tags":[],"jetpack_publicize_connections":[],"jetpack_featured_media_url":"","jetpack_sharing_enabled":true,"jetpack_shortlink":"https:\/\/wp.me\/phQS4-K","_links":{"self":[{"href":"http:\/\/www.pr-stammtisch-ulm.de\/index.php?rest_route=\/wp\/v2\/posts\/46"}],"collection":[{"href":"http:\/\/www.pr-stammtisch-ulm.de\/index.php?rest_route=\/wp\/v2\/posts"}],"about":[{"href":"http:\/\/www.pr-stammtisch-ulm.de\/index.php?rest_route=\/wp\/v2\/types\/post"}],"author":[{"embeddable":true,"href":"http:\/\/www.pr-stammtisch-ulm.de\/index.php?rest_route=\/wp\/v2\/users\/2"}],"replies":[{"embeddable":true,"href":"http:\/\/www.pr-stammtisch-ulm.de\/index.php?rest_route=%2Fwp%2Fv2%2Fcomments&post=46"}],"version-history":[{"count":6,"href":"http:\/\/www.pr-stammtisch-ulm.de\/index.php?rest_route=\/wp\/v2\/posts\/46\/revisions"}],"predecessor-version":[{"id":289,"href":"http:\/\/www.pr-stammtisch-ulm.de\/index.php?rest_route=\/wp\/v2\/posts\/46\/revisions\/289"}],"wp:attachment":[{"href":"http:\/\/www.pr-stammtisch-ulm.de\/index.php?rest_route=%2Fwp%2Fv2%2Fmedia&parent=46"}],"wp:term":[{"taxonomy":"category","embeddable":true,"href":"http:\/\/www.pr-stammtisch-ulm.de\/index.php?rest_route=%2Fwp%2Fv2%2Fcategories&post=46"},{"taxonomy":"post_tag","embeddable":true,"href":"http:\/\/www.pr-stammtisch-ulm.de\/index.php?rest_route=%2Fwp%2Fv2%2Ftags&post=46"}],"curies":[{"name":"wp","href":"https:\/\/api.w.org\/{rel}","templated":true}]}}