{"id":52,"date":"2008-08-22T00:13:23","date_gmt":"2008-08-21T22:13:23","guid":{"rendered":"http:\/\/www.pr-stammtisch-ulm.de\/?p=52"},"modified":"2018-05-06T00:29:37","modified_gmt":"2018-05-05T23:29:37","slug":"stammtisch-am-23-august","status":"publish","type":"post","link":"http:\/\/www.pr-stammtisch-ulm.de\/?p=52","title":{"rendered":"Stammtisch am 23. August"},"content":{"rendered":"<p>Der n\u00e4chste Termin findet am 23. August statt,\u00a0 was noch fehlt, ist die Information, wo wir uns treffen. Es wurde zwar hier schon erw\u00e4hnt und im Forum auch deutlich gemacht. Hier noch einmal offiziell und mit Anfahrtsbeschreibung:<\/p>\n<p>Wir treffen uns im Kaisergarten in Dornstadt (das ist im gleichen Geb\u00e4ude, wie das Poolice). Der Kaisergarten ist ein gutes chinesisches Restaurant, das man nur empfehlen kann &#8230; :-). Der Tisch ist f\u00fcr sieben Personen ab 19:00 Uhr reserviert. Erfahrungsgem\u00e4\u00df reicht das :-).<\/p>\n<p>Die Anfahrtspl\u00e4ne sind bei Imageshack zu finden (auf dem zweiten ist eine Beschreibung der Anfahrt zu finden):<\/p>\n<p><a target='_blank' href='http:\/\/img106.imageshack.us\/my.php?image=a889160dornstadttodieseak2.jpg'><img src='http:\/\/img106.imageshack.us\/img106\/3602\/a889160dornstadttodieseak2.th.jpg' border='0'\/><br \/>\n<\/a><a target='_blank' href='http:\/\/img402.imageshack.us\/my.php?image=a889160dornstadttodiesekf9.jpg'><img src='http:\/\/img402.imageshack.us\/img402\/5356\/a889160dornstadttodiesekf9.th.jpg' border='0'\/><\/a><\/p>\n<p>Wenn es Probleme mit der Anfahrt gibt, dann bitte die \u00fcblichen Verd\u00e4chtigen anrufen. Wer die Nummer noch nicht hat &#8230; die werde ich hier jetzt nicht posten. Eventuell w\u00fcrde dann helfen, an der Tankstelle nach der Ausfahrt von der A8 zu fragen &#8230; das Poolice ist eigentlich bekannt in Dornstadt, w\u00fcrde ich mal behaupten &#8230; \ud83d\ude09<\/p>\n","protected":false},"excerpt":{"rendered":"<p>Der n\u00e4chste Termin findet am 23. August statt,\u00a0 was noch fehlt, ist die Information, wo wir uns treffen. Es wurde zwar hier schon erw\u00e4hnt und im Forum auch deutlich gemacht. Hier noch einmal offiziell und mit Anfahrtsbeschreibung: Wir treffen uns im Kaisergarten in Dornstadt (das ist im gleichen Geb\u00e4ude, wie das Poolice). Der Kaisergarten ist &hellip; <a href=\"http:\/\/www.pr-stammtisch-ulm.de\/?p=52\" class=\"more-link\"><span class=\"screen-reader-text\">Stammtisch am 23. August<\/span> weiterlesen <span class=\"meta-nav\">&rarr;<\/span><\/a><\/p>\n","protected":false},"author":2,"featured_media":0,"comment_status":"closed","ping_status":"closed","sticky":false,"template":"","format":"standard","meta":{"jetpack_post_was_ever_published":false,"jetpack_publicize_message":"","jetpack_is_tweetstorm":false,"jetpack_publicize_feature_enabled":true},"categories":[3],"tags":[18,14,13,36],"jetpack_publicize_connections":[],"jetpack_featured_media_url":"","jetpack_sharing_enabled":true,"jetpack_shortlink":"https:\/\/wp.me\/phQS4-Q","_links":{"self":[{"href":"http:\/\/www.pr-stammtisch-ulm.de\/index.php?rest_route=\/wp\/v2\/posts\/52"}],"collection":[{"href":"http:\/\/www.pr-stammtisch-ulm.de\/index.php?rest_route=\/wp\/v2\/posts"}],"about":[{"href":"http:\/\/www.pr-stammtisch-ulm.de\/index.php?rest_route=\/wp\/v2\/types\/post"}],"author":[{"embeddable":true,"href":"http:\/\/www.pr-stammtisch-ulm.de\/index.php?rest_route=\/wp\/v2\/users\/2"}],"replies":[{"embeddable":true,"href":"http:\/\/www.pr-stammtisch-ulm.de\/index.php?rest_route=%2Fwp%2Fv2%2Fcomments&post=52"}],"version-history":[{"count":8,"href":"http:\/\/www.pr-stammtisch-ulm.de\/index.php?rest_route=\/wp\/v2\/posts\/52\/revisions"}],"predecessor-version":[{"id":288,"href":"http:\/\/www.pr-stammtisch-ulm.de\/index.php?rest_route=\/wp\/v2\/posts\/52\/revisions\/288"}],"wp:attachment":[{"href":"http:\/\/www.pr-stammtisch-ulm.de\/index.php?rest_route=%2Fwp%2Fv2%2Fmedia&parent=52"}],"wp:term":[{"taxonomy":"category","embeddable":true,"href":"http:\/\/www.pr-stammtisch-ulm.de\/index.php?rest_route=%2Fwp%2Fv2%2Fcategories&post=52"},{"taxonomy":"post_tag","embeddable":true,"href":"http:\/\/www.pr-stammtisch-ulm.de\/index.php?rest_route=%2Fwp%2Fv2%2Ftags&post=52"}],"curies":[{"name":"wp","href":"https:\/\/api.w.org\/{rel}","templated":true}]}}