{"id":70,"date":"2008-09-21T15:16:43","date_gmt":"2008-09-21T13:16:43","guid":{"rendered":"http:\/\/www.pr-stammtisch-ulm.de\/?p=70"},"modified":"2018-05-06T00:29:37","modified_gmt":"2018-05-05T23:29:37","slug":"suche-nach-neuem-stammlokal-beginnt","status":"publish","type":"post","link":"http:\/\/www.pr-stammtisch-ulm.de\/?p=70","title":{"rendered":"Suche nach neuem Stammlokal beginnt"},"content":{"rendered":"<p>Auf eine Anfrage von mir wegen dem Sonderstammtisch am 3. Oktober habe ich gestern folgende eMail erhalten:<\/p>\n<blockquote><p>Gr\u00fc\u00df Gott sehr geehrter Herr +++,<\/p>\n<p>vielen Dank f\u00fcr Ihre Nachricht. Wir m\u00fcssen Ihnen aber leider mitteilen, dass sich die Bayerische Gastronomie AG dazu entschlossen hat, den K\u00f6nig von Bayern nicht mehr zu betreiben.<\/p>\n<p>In den Drei Kannen k\u00f6nnen wir Ihnen gerne die Pl\u00e4tze anbieten, \u00fcber Ihre Ihre Reservierung unter 0731 &#8211; 67717 oder unter Info@DreiKannen.de w\u00fcrden wir uns freuen.<\/p><\/blockquote>\n<p>Tja, nun f\u00e4ngt die Sucherei an&#8230;<\/p>\n","protected":false},"excerpt":{"rendered":"<p>Auf eine Anfrage von mir wegen dem Sonderstammtisch am 3. Oktober habe ich gestern folgende eMail erhalten: Gr\u00fc\u00df Gott sehr geehrter Herr +++, vielen Dank f\u00fcr Ihre Nachricht. Wir m\u00fcssen Ihnen aber leider mitteilen, dass sich die Bayerische Gastronomie AG dazu entschlossen hat, den K\u00f6nig von Bayern nicht mehr zu betreiben. In den Drei Kannen &hellip; <a href=\"http:\/\/www.pr-stammtisch-ulm.de\/?p=70\" class=\"more-link\"><span class=\"screen-reader-text\">Suche nach neuem Stammlokal beginnt<\/span> weiterlesen <span class=\"meta-nav\">&rarr;<\/span><\/a><\/p>\n","protected":false},"author":3,"featured_media":0,"comment_status":"closed","ping_status":"closed","sticky":false,"template":"","format":"standard","meta":{"jetpack_post_was_ever_published":false,"jetpack_publicize_message":"","jetpack_is_tweetstorm":false,"jetpack_publicize_feature_enabled":true},"categories":[1,4],"tags":[20,16,21],"jetpack_publicize_connections":[],"jetpack_featured_media_url":"","jetpack_sharing_enabled":true,"jetpack_shortlink":"https:\/\/wp.me\/phQS4-18","_links":{"self":[{"href":"http:\/\/www.pr-stammtisch-ulm.de\/index.php?rest_route=\/wp\/v2\/posts\/70"}],"collection":[{"href":"http:\/\/www.pr-stammtisch-ulm.de\/index.php?rest_route=\/wp\/v2\/posts"}],"about":[{"href":"http:\/\/www.pr-stammtisch-ulm.de\/index.php?rest_route=\/wp\/v2\/types\/post"}],"author":[{"embeddable":true,"href":"http:\/\/www.pr-stammtisch-ulm.de\/index.php?rest_route=\/wp\/v2\/users\/3"}],"replies":[{"embeddable":true,"href":"http:\/\/www.pr-stammtisch-ulm.de\/index.php?rest_route=%2Fwp%2Fv2%2Fcomments&post=70"}],"version-history":[{"count":1,"href":"http:\/\/www.pr-stammtisch-ulm.de\/index.php?rest_route=\/wp\/v2\/posts\/70\/revisions"}],"predecessor-version":[{"id":71,"href":"http:\/\/www.pr-stammtisch-ulm.de\/index.php?rest_route=\/wp\/v2\/posts\/70\/revisions\/71"}],"wp:attachment":[{"href":"http:\/\/www.pr-stammtisch-ulm.de\/index.php?rest_route=%2Fwp%2Fv2%2Fmedia&parent=70"}],"wp:term":[{"taxonomy":"category","embeddable":true,"href":"http:\/\/www.pr-stammtisch-ulm.de\/index.php?rest_route=%2Fwp%2Fv2%2Fcategories&post=70"},{"taxonomy":"post_tag","embeddable":true,"href":"http:\/\/www.pr-stammtisch-ulm.de\/index.php?rest_route=%2Fwp%2Fv2%2Ftags&post=70"}],"curies":[{"name":"wp","href":"https:\/\/api.w.org\/{rel}","templated":true}]}}