{"id":86,"date":"2008-12-06T11:47:30","date_gmt":"2008-12-06T09:47:30","guid":{"rendered":"http:\/\/www.pr-stammtisch-ulm.de\/?p=86"},"modified":"2018-05-06T00:29:37","modified_gmt":"2018-05-05T23:29:37","slug":"schon-wieder-vorbei","status":"publish","type":"post","link":"http:\/\/www.pr-stammtisch-ulm.de\/?p=86","title":{"rendered":"Schon wieder vorbei &#8230;"},"content":{"rendered":"<p>Eine kleine Gruppe hat sich gestern auf dem Weihnachtsmarkt in Ulm getroffen. Nur zu dritt waren wir, aber die Wurst hat trotzdem geschmeckt. Zwar keine Feuerwurst, aber auch woanders gibt es eine scharfe Bratwurst (in dem Fall eine Pepperoniwurst), die nicht schlecht ist. Und vor allem: Ohne lange anstehen zu m\u00fcssen ;-).<\/p>\n<p>Der Gl\u00fchwein danach war auch nicht schlecht und, wie schon erw\u00e4hnt, es gibt ja auch s\u00fcsses auf dem Weihnachtsmarkt. Insgesamt also ein durchaus kulinarischer Abend, wenn auch auf andere Weise, als sonst.<\/p>\n<p>Als wir den Weihnachtsmarkt verlassen haben, war der Abend aber noch nicht vorbei. Wir wollten die Krone ausprobieren, wo wir vor etwa zwei Jahren schon einmal waren. Das Restaurant war dann aber geschlossen und er\u00f6ffnete erst vor kurzem wieder neu. Diesmal allerdings mehr wie ein Bistro, nicht wie ein Restaurant. Vom Stil her \u00e4hnlich wie das Alexandre, wenn auch nat\u00fcrlich nicht so gro\u00df, war es recht nett dort. Das Essen war gut und auch die Getr\u00e4nkekarte ist ansprechend. Einige gute Whiskysorten sind dort zum Beispiel zu finden (ein Glenmorangie etwa). Gewundert haben wir uns \u00fcber die Einstufung. Unter der \u00dcberschrift &#8222;Whisky Scotch&#8220; tauchte ein Tullamore Dew auf, das ist nun allerdings eher ein Irish.<!--more--><\/p>\n<p>Und auch bei den Energiedrinks gab es eine \u00dcberraschung, war da doch ein Guarana im Angebot. Das kenne ich als Erfrischungsgetr\u00e4nk, und zwar als brasilianisches. Die Frage, woher das denn stamme, konnte allerdings nicht gekl\u00e4rt werden und da im Moment keine Guaranas da waren, konnte das auch nicht gekl\u00e4rt werden.<\/p>\n<p>Auf jeden Fall hat sich die Krone f\u00fcr weitere Besuche empfohlen. Es war ein netter Abend, an dem auch kurz \u00fcber Perry Rhodan gesprochen wurde, aber sehr viel \u00fcber das offizielle PR-Forum, in dem wir ja alle aktiv sind. Und \u00fcber die Comicszene und entsprechende Verfilmungen der letzten Zeit, ob Batman oder Iron Man. Und nat\u00fcrlich durften auch Gespr\u00e4che \u00fcber den neuen Bond nicht fehlen, den allerdings nicht alle bisher gesehen haben.<\/p>\n<p>Das d\u00fcrfte allerdings der letzte Stammtisch 2008 gewesen sein. Der n\u00e4chste ist f\u00fcr den Januar des n\u00e4chsten Jahres geplant, ein Termin steht allerdings noch nicht fest.<\/p>\n","protected":false},"excerpt":{"rendered":"<p>Eine kleine Gruppe hat sich gestern auf dem Weihnachtsmarkt in Ulm getroffen. Nur zu dritt waren wir, aber die Wurst hat trotzdem geschmeckt. Zwar keine Feuerwurst, aber auch woanders gibt es eine scharfe Bratwurst (in dem Fall eine Pepperoniwurst), die nicht schlecht ist. Und vor allem: Ohne lange anstehen zu m\u00fcssen ;-). Der Gl\u00fchwein danach &hellip; <a href=\"http:\/\/www.pr-stammtisch-ulm.de\/?p=86\" class=\"more-link\"><span class=\"screen-reader-text\">Schon wieder vorbei &#8230;<\/span> weiterlesen <span class=\"meta-nav\">&rarr;<\/span><\/a><\/p>\n","protected":false},"author":2,"featured_media":0,"comment_status":"closed","ping_status":"closed","sticky":false,"template":"","format":"standard","meta":{"jetpack_post_was_ever_published":false,"jetpack_publicize_message":"","jetpack_is_tweetstorm":false,"jetpack_publicize_feature_enabled":true},"categories":[22],"tags":[24],"jetpack_publicize_connections":[],"jetpack_featured_media_url":"","jetpack_sharing_enabled":true,"jetpack_shortlink":"https:\/\/wp.me\/phQS4-1o","_links":{"self":[{"href":"http:\/\/www.pr-stammtisch-ulm.de\/index.php?rest_route=\/wp\/v2\/posts\/86"}],"collection":[{"href":"http:\/\/www.pr-stammtisch-ulm.de\/index.php?rest_route=\/wp\/v2\/posts"}],"about":[{"href":"http:\/\/www.pr-stammtisch-ulm.de\/index.php?rest_route=\/wp\/v2\/types\/post"}],"author":[{"embeddable":true,"href":"http:\/\/www.pr-stammtisch-ulm.de\/index.php?rest_route=\/wp\/v2\/users\/2"}],"replies":[{"embeddable":true,"href":"http:\/\/www.pr-stammtisch-ulm.de\/index.php?rest_route=%2Fwp%2Fv2%2Fcomments&post=86"}],"version-history":[{"count":2,"href":"http:\/\/www.pr-stammtisch-ulm.de\/index.php?rest_route=\/wp\/v2\/posts\/86\/revisions"}],"predecessor-version":[{"id":88,"href":"http:\/\/www.pr-stammtisch-ulm.de\/index.php?rest_route=\/wp\/v2\/posts\/86\/revisions\/88"}],"wp:attachment":[{"href":"http:\/\/www.pr-stammtisch-ulm.de\/index.php?rest_route=%2Fwp%2Fv2%2Fmedia&parent=86"}],"wp:term":[{"taxonomy":"category","embeddable":true,"href":"http:\/\/www.pr-stammtisch-ulm.de\/index.php?rest_route=%2Fwp%2Fv2%2Fcategories&post=86"},{"taxonomy":"post_tag","embeddable":true,"href":"http:\/\/www.pr-stammtisch-ulm.de\/index.php?rest_route=%2Fwp%2Fv2%2Ftags&post=86"}],"curies":[{"name":"wp","href":"https:\/\/api.w.org\/{rel}","templated":true}]}}