{"id":92,"date":"2009-02-20T09:32:19","date_gmt":"2009-02-20T07:32:19","guid":{"rendered":"http:\/\/www.pr-stammtisch-ulm.de\/?p=92"},"modified":"2018-05-06T00:29:37","modified_gmt":"2018-05-05T23:29:37","slug":"helau","status":"publish","type":"post","link":"http:\/\/www.pr-stammtisch-ulm.de\/?p=92","title":{"rendered":"Samba Helau!"},"content":{"rendered":"<p>Karneval allerorten, das kann doch nicht gut gehen, wenn man ausgerechnet in diesen wilden Zeiten einen Stammtisch durchf\u00fchren muss &#8230; naja, wir werden es mal versuchen. Gut daran ist, dass es eine weitgehend private Veranstaltung wird, weil wir f\u00fcr den Stammtisch in den &#8222;eigenen vier W\u00e4nden&#8220; zusammenkommen werden. Nachdem die Gruppe wieder mal etwas \u00fcberschaubarer ist (alles in allem haben sich f\u00fcnf Personen angek\u00fcndigt), sollte das auch kein gro\u00dfes Problem werden.<\/p>\n<p>Heute abend bereits, findet im <a href=\"http:\/\/www.ballhaus-ulm.de\/\" target=\"_blank\">Ballhaus in S\u00f6flingen<\/a> ein Karneval der besonderen Art statt. Nun bin ich pers\u00f6nlich ein anerkannter Faschingsmuffel, aber in diesem Fall k\u00f6nnte ich vielleicht doch schwach werden. Es ist n\u00e4mlich ein brasilianischer Karneval, bei dem man sich verkleiden kann, aber nicht muss, daf\u00fcr aber um so mehr Samba zu sehen kriegen wird. Bin gespannt, was das wird. Auf jeden Fall habe ich mich schon auf eine schnelle Flucht vorbereitet, man muss sich das ja nicht unbedingt antun, wenn es denn je tpyisch Karnevalsnervig werden sollte ;-). Wer sich das auch antun will &#8211; Einlass ist um <a href=\"http:\/\/www.ballhaus-ulm.de\/\" target=\"_blank\">20:00 im Ballhaus in S\u00f6flingen<\/a>, der Eintritt kostet 5 Euro.<\/p>\n<p>Ich freue mich schon auf den Samstag Abend und w\u00fcnsche allen Teilnehmern eine gute Anreise.<\/p>\n","protected":false},"excerpt":{"rendered":"<p>Karneval allerorten, das kann doch nicht gut gehen, wenn man ausgerechnet in diesen wilden Zeiten einen Stammtisch durchf\u00fchren muss &#8230; naja, wir werden es mal versuchen. Gut daran ist, dass es eine weitgehend private Veranstaltung wird, weil wir f\u00fcr den Stammtisch in den &#8222;eigenen vier W\u00e4nden&#8220; zusammenkommen werden. Nachdem die Gruppe wieder mal etwas \u00fcberschaubarer &hellip; <a href=\"http:\/\/www.pr-stammtisch-ulm.de\/?p=92\" class=\"more-link\"><span class=\"screen-reader-text\">Samba Helau!<\/span> weiterlesen <span class=\"meta-nav\">&rarr;<\/span><\/a><\/p>\n","protected":false},"author":2,"featured_media":0,"comment_status":"closed","ping_status":"closed","sticky":false,"template":"","format":"standard","meta":{"jetpack_post_was_ever_published":false,"jetpack_publicize_message":"","jetpack_is_tweetstorm":false,"jetpack_publicize_feature_enabled":true},"categories":[4],"tags":[7,36],"jetpack_publicize_connections":[],"jetpack_featured_media_url":"","jetpack_sharing_enabled":true,"jetpack_shortlink":"https:\/\/wp.me\/shQS4-helau","_links":{"self":[{"href":"http:\/\/www.pr-stammtisch-ulm.de\/index.php?rest_route=\/wp\/v2\/posts\/92"}],"collection":[{"href":"http:\/\/www.pr-stammtisch-ulm.de\/index.php?rest_route=\/wp\/v2\/posts"}],"about":[{"href":"http:\/\/www.pr-stammtisch-ulm.de\/index.php?rest_route=\/wp\/v2\/types\/post"}],"author":[{"embeddable":true,"href":"http:\/\/www.pr-stammtisch-ulm.de\/index.php?rest_route=\/wp\/v2\/users\/2"}],"replies":[{"embeddable":true,"href":"http:\/\/www.pr-stammtisch-ulm.de\/index.php?rest_route=%2Fwp%2Fv2%2Fcomments&post=92"}],"version-history":[{"count":5,"href":"http:\/\/www.pr-stammtisch-ulm.de\/index.php?rest_route=\/wp\/v2\/posts\/92\/revisions"}],"predecessor-version":[{"id":286,"href":"http:\/\/www.pr-stammtisch-ulm.de\/index.php?rest_route=\/wp\/v2\/posts\/92\/revisions\/286"}],"wp:attachment":[{"href":"http:\/\/www.pr-stammtisch-ulm.de\/index.php?rest_route=%2Fwp%2Fv2%2Fmedia&parent=92"}],"wp:term":[{"taxonomy":"category","embeddable":true,"href":"http:\/\/www.pr-stammtisch-ulm.de\/index.php?rest_route=%2Fwp%2Fv2%2Fcategories&post=92"},{"taxonomy":"post_tag","embeddable":true,"href":"http:\/\/www.pr-stammtisch-ulm.de\/index.php?rest_route=%2Fwp%2Fv2%2Ftags&post=92"}],"curies":[{"name":"wp","href":"https:\/\/api.w.org\/{rel}","templated":true}]}}